{"id":572,"date":"2022-10-17T18:04:43","date_gmt":"2022-10-17T17:04:43","guid":{"rendered":"https:\/\/miglab.umcs.pl\/?p=572"},"modified":"2025-03-11T15:32:45","modified_gmt":"2025-03-11T14:32:45","slug":"kobiety-migracje-i-wojna","status":"publish","type":"post","link":"https:\/\/miglab.umcs.pl\/pl\/index.php\/2022\/10\/17\/kobiety-migracje-i-wojna\/","title":{"rendered":"Kobiety, migracje i wojna"},"content":{"rendered":"\n<h2 class=\"wp-block-heading\">Seminarium MigLab<\/h2>\n\n\n\n<p>W dniu 20 pa\u017adziernika 2022 zapraszamy serdecznie na otwarte seminarium naukowe Zespo\u0142u MigLab zatytu\u0142owane &#8222;Kobiety, migracje i wojna&#8221;. Podczas seminarium b\u0119dziemy mogli wys\u0142ucha\u0107 zar\u00f3wno naukowych referat\u00f3w badaczek zajmuj\u0105cych si\u0119 tym tematem, jak r\u00f3wnie\u017c dyskusji praktyk\u00f3w &#8211; os\u00f3b pracuj\u0105cych z uchod\u017aczyniami i na rzecz uchod\u017aczy\u0144. Szczeg\u00f3\u0142owe informacje poni\u017cej. <\/p>\n\n\n\n<p><\/p>\n\n\n\n<figure class=\"wp-block-image size-large\"><img decoding=\"async\" src=\"https:\/\/miglab-soc.umcs.pl\/wp-content\/uploads\/2022\/10\/wizyta-studyjna-badaczek-program-a4-20-724x1024.jpg\" alt=\"\" class=\"wp-image-573\"\/><\/figure>\n","protected":false},"excerpt":{"rendered":"<p>W dniu 20 pa\u017adziernika 2022 zapraszamy serdecznie na otwarte seminarium naukowe Zespo\u0142u MigLab zatytu\u0142owane &#8222;Kobiety, migracje i wojna&#8221;. Podczas seminarium b\u0119dziemy mogli wys\u0142ucha\u0107 zar\u00f3wno naukowych referat\u00f3w badaczek zajmuj\u0105cych si\u0119 tym tematem, jak r\u00f3wnie\u017c dyskusji praktyk\u00f3w &#8211; os\u00f3b pracuj\u0105cych z uchod\u017aczyniami i na rzecz uchod\u017aczy\u0144. Szczeg\u00f3\u0142owe informacje poni\u017cej. <\/p>\n","protected":false},"author":3,"featured_media":740,"comment_status":"closed","ping_status":"open","sticky":true,"template":"","format":"standard","meta":{"_themeisle_gutenberg_block_has_review":false,"footnotes":""},"categories":[10],"tags":[13,37,29,23,27],"class_list":["post-572","post","type-post","status-publish","format-standard","has-post-thumbnail","hentry","category-blog","tag-badania","tag-kobiety","tag-migracje","tag-nawa","tag-luck"],"translation":{"provider":"WPGlobus","version":"3.0.2","language":"pl","enabled_languages":["en","pl"],"languages":{"en":{"title":true,"content":true,"excerpt":true},"pl":{"title":false,"content":false,"excerpt":false}}},"yoast_head":"<!-- This site is optimized with the Yoast SEO plugin v27.2 - https:\/\/yoast.com\/product\/yoast-seo-wordpress\/ -->\n<title>Kobiety, migracje i wojna - MigLab<\/title>\n<meta name=\"robots\" content=\"index, follow, max-snippet:-1, max-image-preview:large, max-video-preview:-1\" \/>\n<link rel=\"canonical\" href=\"https:\/\/miglab.umcs.pl\/index.php\/2022\/10\/17\/kobiety-migracje-i-wojna\/\" \/>\n<meta property=\"og:locale\" content=\"pl_PL\" \/>\n<meta property=\"og:type\" content=\"article\" \/>\n<meta property=\"og:title\" content=\"Kobiety, migracje i wojna - MigLab\" \/>\n<meta property=\"og:url\" content=\"https:\/\/miglab.umcs.pl\/index.php\/2022\/10\/17\/kobiety-migracje-i-wojna\/\" \/>\n<meta property=\"og:site_name\" content=\"MigLab\" \/>\n<meta property=\"article:published_time\" content=\"2022-10-17T17:04:43+00:00\" \/>\n<meta property=\"article:modified_time\" content=\"2025-03-11T14:32:45+00:00\" \/>\n<meta property=\"og:image\" content=\"https:\/\/miglab.umcs.pl\/wp-content\/uploads\/2022\/10\/seminarium-kobiety-migracje-000114-web.jpg\" \/>\n\t<meta property=\"og:image:width\" content=\"1280\" \/>\n\t<meta property=\"og:image:height\" content=\"853\" \/>\n\t<meta property=\"og:image:type\" content=\"image\/jpeg\" \/>\n<meta name=\"author\" content=\"Mig Lab\" \/>\n<meta name=\"twitter:card\" content=\"summary_large_image\" \/>\n<meta name=\"twitter:label1\" content=\"Napisane przez\" \/>\n\t<meta name=\"twitter:data1\" content=\"Mig Lab\" \/>\n\t<meta name=\"twitter:label2\" content=\"Szacowany czas czytania\" \/>\n\t<meta name=\"twitter:data2\" content=\"1 minuta\" \/>\n<script type=\"application\/ld+json\" class=\"yoast-schema-graph\">{\"@context\":\"https:\/\/schema.org\",\"@graph\":[{\"@type\":\"Article\",\"@id\":\"https:\/\/miglab.umcs.pl\/index.php\/2022\/10\/17\/kobiety-migracje-i-wojna\/#article\",\"isPartOf\":{\"@id\":\"https:\/\/miglab.umcs.pl\/index.php\/2022\/10\/17\/kobiety-migracje-i-wojna\/\"},\"author\":{\"name\":\"Mig Lab\",\"@id\":\"https:\/\/miglab.umcs.pl\/#\/schema\/person\/8b4691491279793dc9cf063a725a858b\"},\"headline\":\"Kobiety, migracje i wojna\",\"datePublished\":\"2022-10-17T17:04:43+00:00\",\"dateModified\":\"2025-03-11T14:32:45+00:00\",\"mainEntityOfPage\":{\"@id\":\"https:\/\/miglab.umcs.pl\/index.php\/2022\/10\/17\/kobiety-migracje-i-wojna\/\"},\"wordCount\":67,\"publisher\":{\"@id\":\"https:\/\/miglab.umcs.pl\/#organization\"},\"image\":{\"@id\":\"https:\/\/miglab.umcs.pl\/index.php\/2022\/10\/17\/kobiety-migracje-i-wojna\/#primaryimage\"},\"thumbnailUrl\":\"https:\/\/miglab.umcs.pl\/wp-content\/uploads\/2022\/10\/seminarium-kobiety-migracje-000114-web.jpg\",\"keywords\":[\"badania\",\"kobiety\",\"migracje\",\"NAWA\",\"\u0141uck\"],\"articleSection\":[\"Blog\"],\"inLanguage\":\"pl-PL\"},{\"@type\":\"WebPage\",\"@id\":\"https:\/\/miglab.umcs.pl\/index.php\/2022\/10\/17\/kobiety-migracje-i-wojna\/\",\"url\":\"https:\/\/miglab.umcs.pl\/index.php\/2022\/10\/17\/kobiety-migracje-i-wojna\/\",\"name\":\"Kobiety, migracje i wojna - MigLab\",\"isPartOf\":{\"@id\":\"https:\/\/miglab.umcs.pl\/#website\"},\"primaryImageOfPage\":{\"@id\":\"https:\/\/miglab.umcs.pl\/index.php\/2022\/10\/17\/kobiety-migracje-i-wojna\/#primaryimage\"},\"image\":{\"@id\":\"https:\/\/miglab.umcs.pl\/index.php\/2022\/10\/17\/kobiety-migracje-i-wojna\/#primaryimage\"},\"thumbnailUrl\":\"https:\/\/miglab.umcs.pl\/wp-content\/uploads\/2022\/10\/seminarium-kobiety-migracje-000114-web.jpg\",\"datePublished\":\"2022-10-17T17:04:43+00:00\",\"dateModified\":\"2025-03-11T14:32:45+00:00\",\"breadcrumb\":{\"@id\":\"https:\/\/miglab.umcs.pl\/index.php\/2022\/10\/17\/kobiety-migracje-i-wojna\/#breadcrumb\"},\"inLanguage\":\"pl-PL\",\"potentialAction\":[{\"@type\":\"ReadAction\",\"target\":[\"https:\/\/miglab.umcs.pl\/index.php\/2022\/10\/17\/kobiety-migracje-i-wojna\/\"]}]},{\"@type\":\"ImageObject\",\"inLanguage\":\"pl-PL\",\"@id\":\"https:\/\/miglab.umcs.pl\/index.php\/2022\/10\/17\/kobiety-migracje-i-wojna\/#primaryimage\",\"url\":\"https:\/\/miglab.umcs.pl\/wp-content\/uploads\/2022\/10\/seminarium-kobiety-migracje-000114-web.jpg\",\"contentUrl\":\"https:\/\/miglab.umcs.pl\/wp-content\/uploads\/2022\/10\/seminarium-kobiety-migracje-000114-web.jpg\",\"width\":1280,\"height\":853},{\"@type\":\"BreadcrumbList\",\"@id\":\"https:\/\/miglab.umcs.pl\/index.php\/2022\/10\/17\/kobiety-migracje-i-wojna\/#breadcrumb\",\"itemListElement\":[{\"@type\":\"ListItem\",\"position\":1,\"name\":\"Strona g\u0142\u00f3wna\",\"item\":\"https:\/\/miglab.umcs.pl\/\"},{\"@type\":\"ListItem\",\"position\":2,\"name\":\"Kobiety, migracje i wojna\"}]},{\"@type\":\"WebSite\",\"@id\":\"https:\/\/miglab.umcs.pl\/#website\",\"url\":\"https:\/\/miglab.umcs.pl\/\",\"name\":\"MigLab\",\"description\":\"Zesp\u00f3\u0142 Badawczy: Procesy migracyjne w perspektywie lokalnej\",\"publisher\":{\"@id\":\"https:\/\/miglab.umcs.pl\/#organization\"},\"potentialAction\":[{\"@type\":\"SearchAction\",\"target\":{\"@type\":\"EntryPoint\",\"urlTemplate\":\"https:\/\/miglab.umcs.pl\/?s={search_term_string}\"},\"query-input\":{\"@type\":\"PropertyValueSpecification\",\"valueRequired\":true,\"valueName\":\"search_term_string\"}}],\"inLanguage\":\"pl-PL\"},{\"@type\":\"Organization\",\"@id\":\"https:\/\/miglab.umcs.pl\/#organization\",\"name\":\"MigLab\",\"url\":\"https:\/\/miglab.umcs.pl\/\",\"logo\":{\"@type\":\"ImageObject\",\"inLanguage\":\"pl-PL\",\"@id\":\"https:\/\/miglab.umcs.pl\/#\/schema\/logo\/image\/\",\"url\":\"https:\/\/miglab.umcs.pl\/wp-content\/uploads\/2024\/03\/logo-miglab-vector-path-umcs1.svg\",\"contentUrl\":\"https:\/\/miglab.umcs.pl\/wp-content\/uploads\/2024\/03\/logo-miglab-vector-path-umcs1.svg\",\"width\":300,\"height\":120,\"caption\":\"MigLab\"},\"image\":{\"@id\":\"https:\/\/miglab.umcs.pl\/#\/schema\/logo\/image\/\"}},{\"@type\":\"Person\",\"@id\":\"https:\/\/miglab.umcs.pl\/#\/schema\/person\/8b4691491279793dc9cf063a725a858b\",\"name\":\"Mig Lab\",\"image\":{\"@type\":\"ImageObject\",\"inLanguage\":\"pl-PL\",\"@id\":\"https:\/\/secure.gravatar.com\/avatar\/0889f3f1ab27d8f5a3c6d68a815861a0ce9fc4bac8396ce7edea4afea5f73e03?s=96&d=mm&r=g\",\"url\":\"https:\/\/secure.gravatar.com\/avatar\/0889f3f1ab27d8f5a3c6d68a815861a0ce9fc4bac8396ce7edea4afea5f73e03?s=96&d=mm&r=g\",\"contentUrl\":\"https:\/\/secure.gravatar.com\/avatar\/0889f3f1ab27d8f5a3c6d68a815861a0ce9fc4bac8396ce7edea4afea5f73e03?s=96&d=mm&r=g\",\"caption\":\"Mig Lab\"},\"sameAs\":[\"https:\/\/miglab-soc.umcs.pl\"],\"url\":\"https:\/\/miglab.umcs.pl\/pl\/index.php\/author\/miglab\/\"}]}<\/script>\n<!-- \/ Yoast SEO plugin. -->","yoast_head_json":{"title":"Kobiety, migracje i wojna - MigLab","robots":{"index":"index","follow":"follow","max-snippet":"max-snippet:-1","max-image-preview":"max-image-preview:large","max-video-preview":"max-video-preview:-1"},"canonical":"https:\/\/miglab.umcs.pl\/index.php\/2022\/10\/17\/kobiety-migracje-i-wojna\/","og_locale":"pl_PL","og_type":"article","og_title":"Kobiety, migracje i wojna - MigLab","og_url":"https:\/\/miglab.umcs.pl\/index.php\/2022\/10\/17\/kobiety-migracje-i-wojna\/","og_site_name":"MigLab","article_published_time":"2022-10-17T17:04:43+00:00","article_modified_time":"2025-03-11T14:32:45+00:00","og_image":[{"width":1280,"height":853,"url":"https:\/\/miglab.umcs.pl\/wp-content\/uploads\/2022\/10\/seminarium-kobiety-migracje-000114-web.jpg","type":"image\/jpeg"}],"author":"Mig Lab","twitter_card":"summary_large_image","twitter_misc":{"Napisane przez":"Mig Lab","Szacowany czas czytania":"1 minuta"},"schema":{"@context":"https:\/\/schema.org","@graph":[{"@type":"Article","@id":"https:\/\/miglab.umcs.pl\/index.php\/2022\/10\/17\/kobiety-migracje-i-wojna\/#article","isPartOf":{"@id":"https:\/\/miglab.umcs.pl\/index.php\/2022\/10\/17\/kobiety-migracje-i-wojna\/"},"author":{"name":"Mig Lab","@id":"https:\/\/miglab.umcs.pl\/#\/schema\/person\/8b4691491279793dc9cf063a725a858b"},"headline":"Kobiety, migracje i wojna","datePublished":"2022-10-17T17:04:43+00:00","dateModified":"2025-03-11T14:32:45+00:00","mainEntityOfPage":{"@id":"https:\/\/miglab.umcs.pl\/index.php\/2022\/10\/17\/kobiety-migracje-i-wojna\/"},"wordCount":67,"publisher":{"@id":"https:\/\/miglab.umcs.pl\/#organization"},"image":{"@id":"https:\/\/miglab.umcs.pl\/index.php\/2022\/10\/17\/kobiety-migracje-i-wojna\/#primaryimage"},"thumbnailUrl":"https:\/\/miglab.umcs.pl\/wp-content\/uploads\/2022\/10\/seminarium-kobiety-migracje-000114-web.jpg","keywords":["badania","kobiety","migracje","NAWA","\u0141uck"],"articleSection":["Blog"],"inLanguage":"pl-PL"},{"@type":"WebPage","@id":"https:\/\/miglab.umcs.pl\/index.php\/2022\/10\/17\/kobiety-migracje-i-wojna\/","url":"https:\/\/miglab.umcs.pl\/index.php\/2022\/10\/17\/kobiety-migracje-i-wojna\/","name":"Kobiety, migracje i wojna - MigLab","isPartOf":{"@id":"https:\/\/miglab.umcs.pl\/#website"},"primaryImageOfPage":{"@id":"https:\/\/miglab.umcs.pl\/index.php\/2022\/10\/17\/kobiety-migracje-i-wojna\/#primaryimage"},"image":{"@id":"https:\/\/miglab.umcs.pl\/index.php\/2022\/10\/17\/kobiety-migracje-i-wojna\/#primaryimage"},"thumbnailUrl":"https:\/\/miglab.umcs.pl\/wp-content\/uploads\/2022\/10\/seminarium-kobiety-migracje-000114-web.jpg","datePublished":"2022-10-17T17:04:43+00:00","dateModified":"2025-03-11T14:32:45+00:00","breadcrumb":{"@id":"https:\/\/miglab.umcs.pl\/index.php\/2022\/10\/17\/kobiety-migracje-i-wojna\/#breadcrumb"},"inLanguage":"pl-PL","potentialAction":[{"@type":"ReadAction","target":["https:\/\/miglab.umcs.pl\/index.php\/2022\/10\/17\/kobiety-migracje-i-wojna\/"]}]},{"@type":"ImageObject","inLanguage":"pl-PL","@id":"https:\/\/miglab.umcs.pl\/index.php\/2022\/10\/17\/kobiety-migracje-i-wojna\/#primaryimage","url":"https:\/\/miglab.umcs.pl\/wp-content\/uploads\/2022\/10\/seminarium-kobiety-migracje-000114-web.jpg","contentUrl":"https:\/\/miglab.umcs.pl\/wp-content\/uploads\/2022\/10\/seminarium-kobiety-migracje-000114-web.jpg","width":1280,"height":853},{"@type":"BreadcrumbList","@id":"https:\/\/miglab.umcs.pl\/index.php\/2022\/10\/17\/kobiety-migracje-i-wojna\/#breadcrumb","itemListElement":[{"@type":"ListItem","position":1,"name":"Strona g\u0142\u00f3wna","item":"https:\/\/miglab.umcs.pl\/"},{"@type":"ListItem","position":2,"name":"Kobiety, migracje i wojna"}]},{"@type":"WebSite","@id":"https:\/\/miglab.umcs.pl\/#website","url":"https:\/\/miglab.umcs.pl\/","name":"MigLab","description":"Zesp\u00f3\u0142 Badawczy: Procesy migracyjne w perspektywie lokalnej","publisher":{"@id":"https:\/\/miglab.umcs.pl\/#organization"},"potentialAction":[{"@type":"SearchAction","target":{"@type":"EntryPoint","urlTemplate":"https:\/\/miglab.umcs.pl\/?s={search_term_string}"},"query-input":{"@type":"PropertyValueSpecification","valueRequired":true,"valueName":"search_term_string"}}],"inLanguage":"pl-PL"},{"@type":"Organization","@id":"https:\/\/miglab.umcs.pl\/#organization","name":"MigLab","url":"https:\/\/miglab.umcs.pl\/","logo":{"@type":"ImageObject","inLanguage":"pl-PL","@id":"https:\/\/miglab.umcs.pl\/#\/schema\/logo\/image\/","url":"https:\/\/miglab.umcs.pl\/wp-content\/uploads\/2024\/03\/logo-miglab-vector-path-umcs1.svg","contentUrl":"https:\/\/miglab.umcs.pl\/wp-content\/uploads\/2024\/03\/logo-miglab-vector-path-umcs1.svg","width":300,"height":120,"caption":"MigLab"},"image":{"@id":"https:\/\/miglab.umcs.pl\/#\/schema\/logo\/image\/"}},{"@type":"Person","@id":"https:\/\/miglab.umcs.pl\/#\/schema\/person\/8b4691491279793dc9cf063a725a858b","name":"Mig Lab","image":{"@type":"ImageObject","inLanguage":"pl-PL","@id":"https:\/\/secure.gravatar.com\/avatar\/0889f3f1ab27d8f5a3c6d68a815861a0ce9fc4bac8396ce7edea4afea5f73e03?s=96&d=mm&r=g","url":"https:\/\/secure.gravatar.com\/avatar\/0889f3f1ab27d8f5a3c6d68a815861a0ce9fc4bac8396ce7edea4afea5f73e03?s=96&d=mm&r=g","contentUrl":"https:\/\/secure.gravatar.com\/avatar\/0889f3f1ab27d8f5a3c6d68a815861a0ce9fc4bac8396ce7edea4afea5f73e03?s=96&d=mm&r=g","caption":"Mig Lab"},"sameAs":["https:\/\/miglab-soc.umcs.pl"],"url":"https:\/\/miglab.umcs.pl\/pl\/index.php\/author\/miglab\/"}]}},"_links":{"self":[{"href":"https:\/\/miglab.umcs.pl\/pl\/index.php\/wp-json\/wp\/v2\/posts\/572","targetHints":{"allow":["GET"]}}],"collection":[{"href":"https:\/\/miglab.umcs.pl\/pl\/index.php\/wp-json\/wp\/v2\/posts"}],"about":[{"href":"https:\/\/miglab.umcs.pl\/pl\/index.php\/wp-json\/wp\/v2\/types\/post"}],"author":[{"embeddable":true,"href":"https:\/\/miglab.umcs.pl\/pl\/index.php\/wp-json\/wp\/v2\/users\/3"}],"replies":[{"embeddable":true,"href":"https:\/\/miglab.umcs.pl\/pl\/index.php\/wp-json\/wp\/v2\/comments?post=572"}],"version-history":[{"count":3,"href":"https:\/\/miglab.umcs.pl\/pl\/index.php\/wp-json\/wp\/v2\/posts\/572\/revisions"}],"predecessor-version":[{"id":576,"href":"https:\/\/miglab.umcs.pl\/pl\/index.php\/wp-json\/wp\/v2\/posts\/572\/revisions\/576"}],"wp:featuredmedia":[{"embeddable":true,"href":"https:\/\/miglab.umcs.pl\/pl\/index.php\/wp-json\/wp\/v2\/media\/740"}],"wp:attachment":[{"href":"https:\/\/miglab.umcs.pl\/pl\/index.php\/wp-json\/wp\/v2\/media?parent=572"}],"wp:term":[{"taxonomy":"category","embeddable":true,"href":"https:\/\/miglab.umcs.pl\/pl\/index.php\/wp-json\/wp\/v2\/categories?post=572"},{"taxonomy":"post_tag","embeddable":true,"href":"https:\/\/miglab.umcs.pl\/pl\/index.php\/wp-json\/wp\/v2\/tags?post=572"}],"curies":[{"name":"wp","href":"https:\/\/api.w.org\/{rel}","templated":true}]}}